{"id":2697,"date":"2022-03-15T13:33:02","date_gmt":"2022-03-15T13:33:02","guid":{"rendered":"http:\/\/120.72.95.94:55147\/?p=2697"},"modified":"2022-03-16T13:28:18","modified_gmt":"2022-03-16T13:28:18","slug":"skin-cancer-what-to-look-for-how-to-protect-yourself","status":"publish","type":"post","link":"https:\/\/affdermaz.com\/es\/skin-cancer-what-to-look-for-how-to-protect-yourself\/","title":{"rendered":"C\u00e1ncer de piel: Qu\u00e9 buscar y c\u00f3mo protegerse"},"content":{"rendered":"<div data-elementor-type=\"wp-post\" data-elementor-id=\"2697\" class=\"elementor elementor-2697\">\n\t\t\t\t\t\t<section class=\"elementor-section elementor-top-section elementor-element elementor-element-e99147a elementor-section-boxed elementor-section-height-default elementor-section-height-default\" data-id=\"e99147a\" data-element_type=\"section\" data-e-type=\"section\">\n\t\t\t\t\t\t<div class=\"elementor-container elementor-column-gap-default\">\n\t\t\t\t\t<div class=\"elementor-column elementor-col-100 elementor-top-column elementor-element elementor-element-34ee090\" data-id=\"34ee090\" data-element_type=\"column\" data-e-type=\"column\">\n\t\t\t<div class=\"elementor-widget-wrap elementor-element-populated\">\n\t\t\t\t\t\t<div class=\"elementor-element elementor-element-e48c8e4 elementor-widget elementor-widget-text-editor\" data-id=\"e48c8e4\" data-element_type=\"widget\" data-e-type=\"widget\" data-widget_type=\"text-editor.default\">\n\t\t\t\t<div class=\"elementor-widget-container\">\n\t\t\t\t\t\t\t\t\t<p><strong>La concienciaci\u00f3n, la detecci\u00f3n precoz y la prevenci\u00f3n activa son las claves para luchar contra el c\u00e1ncer de piel y aumentar las tasas de supervivencia. No pierda m\u00e1s tiempo e inf\u00f3rmese hoy mismo sobre el c\u00e1ncer de piel.\u00a0<\/strong><span id=\"more-3181\"><\/span>Cada vez que te bronceas, da\u00f1as tu piel, a medida que este da\u00f1o se acumula aceleras el envejecimiento de tu piel y aumentas el riesgo de padecer todo tipo de c\u00e1ncer de piel. Como habitante de Arizona, es importante extremar las precauciones, especialmente cerca del agua, la nieve y la arena, ya que estos elementos pueden reflejar los da\u00f1inos rayos solares, aumentando las probabilidades de sufrir quemaduras.<\/p><h3><b>Si se detectan a tiempo, 99% de todos los c\u00e1nceres de piel son curables<\/b><\/h3><p>De hecho, los estudios demuestran que las personas que han tenido antecedentes de\u00a0<a href=\"https:\/\/affderm.com\/services\/skin-cancer-treatment-prevention\/\" target=\"_blank\" rel=\"noopener noreferrer\">c\u00e1ncer de piel<\/a>\u00a0ten\u00edan menos probabilidades de morir de melanoma que los que no lo ten\u00edan, porque son conscientes y lo detectan pronto, cuando es f\u00e1cil de tratar. Las personas con numerosos lunares, una importante exposici\u00f3n al sol o antecedentes familiares de melanoma est\u00e1n en situaci\u00f3n de riesgo. Cada a\u00f1o se diagnostican en este pa\u00eds m\u00e1s de 3,5 millones de casos de c\u00e1ncer de piel de c\u00e9lulas basales y escamosas. Forme parte de la soluci\u00f3n.<\/p><p>El c\u00e1ncer de piel es el tipo de c\u00e1ncer m\u00e1s frecuente, y uno de cada cinco estadounidenses lo desarrolla a lo largo de su vida. Las personas que padecen c\u00e1ncer de piel luchan contra la percepci\u00f3n de que su enfermedad es menos grave que otros tipos de c\u00e1ncer, a pesar de su importante impacto f\u00edsico y emocional. Casi 10.000 personas mueren de melanoma cada a\u00f1o en EE.UU. Pero el impacto de la enfermedad es mucho mayor, ya que puede devastar a familiares y amigos.<\/p><p>En lo que se refiere al c\u00e1ncer de piel, no existe ning\u00fan \"remedio casero\" ni tratamiento \"h\u00e1galo usted mismo\". Sus opciones dependen del tipo de c\u00e1ncer de piel que padezca, del estadio en que se encuentre, de su localizaci\u00f3n y tama\u00f1o, y de su estado general de salud. Los signos de advertencia del c\u00e1ncer de piel pueden detectarse precozmente. No se trata s\u00f3lo de c\u00e1ncer de piel cuando es el \u00f3rgano m\u00e1s grande del cuerpo y tambi\u00e9n el m\u00e1s importante a la hora de prevenir infecciones. Cuando se detectan pronto, y mientras son peque\u00f1os y no se han extendido, resulta mucho m\u00e1s f\u00e1cil tratar el c\u00e1ncer de piel.<\/p><h3><b>\u00bfConoces el abecedario?<\/b><\/h3><p>El c\u00e1ncer de piel no es sintom\u00e1tico, lo que significa que las manchas en la piel no necesariamente pican o duelen. Una mancha nueva en la piel o una mancha que cambia de tama\u00f1o, forma o color es el signo de advertencia m\u00e1s importante del c\u00e1ncer de piel. La regla \"ABCDE\" es una gu\u00eda \u00fatil para ayudar a pacientes y m\u00e9dicos a identificar lesiones de alto riesgo o posibles neoplasias malignas.<\/p><p><strong>A de Asimetr\u00eda.\u00a0<\/strong>Una parte de un lunar marca de nacimiento que no coincide con la otra. \u00bfLa mancha tiene una forma irregular con partes que parecen diferentes entre s\u00ed?<\/p>\t\t\t\t\t\t\t\t<\/div>\n\t\t\t\t<\/div>\n\t\t\t\t<div class=\"elementor-element elementor-element-447632b elementor-widget elementor-widget-image\" data-id=\"447632b\" data-element_type=\"widget\" data-e-type=\"widget\" data-widget_type=\"image.default\">\n\t\t\t\t<div class=\"elementor-widget-container\">\n\t\t\t\t\t\t\t\t\t\t\t\t<figure class=\"wp-caption\">\n\t\t\t\t\t\t\t\t\t\t<img loading=\"lazy\" decoding=\"async\" width=\"226\" height=\"117\" src=\"https:\/\/i0.wp.com\/affdermaz.com\/wp-content\/uploads\/2022\/03\/affderm-2022-03-15T190141.064.png?fit=226%2C117&amp;ssl=1\" class=\"attachment-large size-large wp-image-2709\" alt=\"\" \/>\t\t\t\t\t\t\t\t\t\t\t<figcaption class=\"widget-image-caption wp-caption-text\">B de Borde. Bordes irregulares, irregulares, dentados o borrosos. \u00bfEs irregular o dentado?<\/figcaption>\n\t\t\t\t\t\t\t\t\t\t<\/figure>\n\t\t\t\t\t\t\t\t\t<\/div>\n\t\t\t\t<\/div>\n\t\t\t\t<div class=\"elementor-element elementor-element-f38818e elementor-widget elementor-widget-image\" data-id=\"f38818e\" data-element_type=\"widget\" data-e-type=\"widget\" data-widget_type=\"image.default\">\n\t\t\t\t<div class=\"elementor-widget-container\">\n\t\t\t\t\t\t\t\t\t\t\t\t<figure class=\"wp-caption\">\n\t\t\t\t\t\t\t\t\t\t<img loading=\"lazy\" decoding=\"async\" width=\"233\" height=\"144\" src=\"https:\/\/i0.wp.com\/affdermaz.com\/wp-content\/uploads\/2022\/03\/affderm-2022-03-15T190143.285.png?fit=233%2C144&amp;ssl=1\" class=\"attachment-large size-large wp-image-2708\" alt=\"\" \/>\t\t\t\t\t\t\t\t\t\t\t<figcaption class=\"widget-image-caption wp-caption-text\">C de Color. Si el color no es el mismo en todas partes. Lo que hay que buscar en una marca de nacimiento o lunar es si es marr\u00f3n o negro y a veces puede tener manchas de color rosa, rojo o blanco.<\/figcaption>\n\t\t\t\t\t\t\t\t\t\t<\/figure>\n\t\t\t\t\t\t\t\t\t<\/div>\n\t\t\t\t<\/div>\n\t\t\t\t<div class=\"elementor-element elementor-element-64eab43 elementor-widget elementor-widget-image\" data-id=\"64eab43\" data-element_type=\"widget\" data-e-type=\"widget\" data-widget_type=\"image.default\">\n\t\t\t\t<div class=\"elementor-widget-container\">\n\t\t\t\t\t\t\t\t\t\t\t\t<figure class=\"wp-caption\">\n\t\t\t\t\t\t\t\t\t\t<img loading=\"lazy\" decoding=\"async\" width=\"224\" height=\"110\" src=\"https:\/\/i0.wp.com\/affdermaz.com\/wp-content\/uploads\/2022\/03\/affderm-2022-03-15T190145.188.png?fit=224%2C110&amp;ssl=1\" class=\"attachment-large size-large wp-image-2707\" alt=\"\" \/>\t\t\t\t\t\t\t\t\t\t\t<figcaption class=\"widget-image-caption wp-caption-text\">D de Di\u00e1metro. \u00bfEs irregular? Si la mancha mide m\u00e1s de 1\/4 de pulgada de di\u00e1metro, aproximadamente el tama\u00f1o de un l\u00e1piz o una goma de borrar. (Los melanomas suelen medir m\u00e1s de 6 mil\u00edmetros, pero pueden ser m\u00e1s peque\u00f1os). \u00bfEs la mancha mayor que el tama\u00f1o de un guisante?<\/figcaption>\n\t\t\t\t\t\t\t\t\t\t<\/figure>\n\t\t\t\t\t\t\t\t\t<\/div>\n\t\t\t\t<\/div>\n\t\t\t\t<div class=\"elementor-element elementor-element-464dc1e elementor-widget elementor-widget-image\" data-id=\"464dc1e\" data-element_type=\"widget\" data-e-type=\"widget\" data-widget_type=\"image.default\">\n\t\t\t\t<div class=\"elementor-widget-container\">\n\t\t\t\t\t\t\t\t\t\t\t\t<figure class=\"wp-caption\">\n\t\t\t\t\t\t\t\t\t\t<img loading=\"lazy\" decoding=\"async\" width=\"233\" height=\"144\" src=\"https:\/\/i0.wp.com\/affdermaz.com\/wp-content\/uploads\/2022\/03\/affderm-2022-03-15T190147.250.png?fit=233%2C144&amp;ssl=1\" class=\"attachment-large size-large wp-image-2706\" alt=\"\" \/>\t\t\t\t\t\t\t\t\t\t\t<figcaption class=\"widget-image-caption wp-caption-text\">E de Evoluci\u00f3n. Si el lunar\/mancha est\u00e1 cambiando de tama\u00f1o, forma o color. \u00bfHa cambiado la mancha durante las \u00faltimas semanas o meses?<\/figcaption>\n\t\t\t\t\t\t\t\t\t\t<\/figure>\n\t\t\t\t\t\t\t\t\t<\/div>\n\t\t\t\t<\/div>\n\t\t\t\t<div class=\"elementor-element elementor-element-2c74ad1 elementor-widget elementor-widget-image\" data-id=\"2c74ad1\" data-element_type=\"widget\" data-e-type=\"widget\" data-widget_type=\"image.default\">\n\t\t\t\t<div class=\"elementor-widget-container\">\n\t\t\t\t\t\t\t\t\t\t\t\t\t\t\t<img loading=\"lazy\" decoding=\"async\" width=\"506\" height=\"150\" src=\"https:\/\/i0.wp.com\/affdermaz.com\/wp-content\/uploads\/2022\/03\/affderm-2022-03-15T190149.299.png?fit=506%2C150&amp;ssl=1\" class=\"attachment-large size-large wp-image-2705\" alt=\"\" \/>\t\t\t\t\t\t\t\t\t\t\t\t\t\t\t<\/div>\n\t\t\t\t<\/div>\n\t\t\t\t<div class=\"elementor-element elementor-element-ac90e0a elementor-widget elementor-widget-text-editor\" data-id=\"ac90e0a\" data-element_type=\"widget\" data-e-type=\"widget\" data-widget_type=\"text-editor.default\">\n\t\t\t\t<div class=\"elementor-widget-container\">\n\t\t\t\t\t\t\t\t\t<h3><b>Las revisiones cut\u00e1neas s\u00f3lo llevan unos minutos, \u00a1y pueden salvarle la vida!<\/b><\/h3><p><a href=\"https:\/\/affderm.com\/screening-ad\/\" target=\"_blank\" rel=\"noopener noreferrer\">Ex\u00e1menes anuales completos de la piel del cuerpo<\/a>\u00a0por los proveedores de Affiliated Dermatology puede ayudar en el diagn\u00f3stico y tratamiento del c\u00e1ncer de piel. Podemos detectar y tratar las c\u00e9lulas cancerosas y ayudar a prevenir su reaparici\u00f3n. Tambi\u00e9n nos especializamos en el tratamiento del melanoma maligno mediante el uso de la t\u00e9cnica especializada de\u00a0<a href=\"https:\/\/affderm.com\/services\/skin-cancer-treatment-prevention\/slow-mohs-surgery\/\">cirug\u00eda de Mohs lenta<\/a>\u00a0y el tratamiento del no melanoma mediante\u00a0<a href=\"https:\/\/affderm.com\/services\/skin-cancer-treatment-prevention\/superficial-radiation-therapy\/\" target=\"_blank\" rel=\"noopener noreferrer\">Radioterapia superficial<\/a>.\u00a0<\/p>\t\t\t\t\t\t\t\t<\/div>\n\t\t\t\t<\/div>\n\t\t\t\t<div class=\"elementor-element elementor-element-4087fd2 elementor-widget elementor-widget-image\" data-id=\"4087fd2\" data-element_type=\"widget\" data-e-type=\"widget\" data-widget_type=\"image.default\">\n\t\t\t\t<div class=\"elementor-widget-container\">\n\t\t\t\t\t\t\t\t\t\t\t\t\t\t\t<img loading=\"lazy\" decoding=\"async\" width=\"706\" height=\"470\" src=\"https:\/\/i0.wp.com\/affdermaz.com\/wp-content\/uploads\/2022\/03\/affderm-2022-03-15T190151.554.png?fit=706%2C470&amp;ssl=1\" class=\"attachment-large size-large wp-image-2704\" alt=\"\" \/>\t\t\t\t\t\t\t\t\t\t\t\t\t\t\t<\/div>\n\t\t\t\t<\/div>\n\t\t\t\t<div class=\"elementor-element elementor-element-7c97e41 elementor-widget elementor-widget-text-editor\" data-id=\"7c97e41\" data-element_type=\"widget\" data-e-type=\"widget\" data-widget_type=\"text-editor.default\">\n\t\t\t\t<div class=\"elementor-widget-container\">\n\t\t\t\t\t\t\t\t\t<h3><b>\u00bfUna marca de nacimiento puede volverse cancerosa?<\/b><\/h3><p class=\"entry-content\">La respuesta es s\u00ed. Una marca de nacimiento est\u00e1 formada por un crecimiento excesivo de c\u00e9lulas normales de la piel que puede alterarse con el tiempo. Por eso es tan importante revisar regularmente las marcas de nacimiento, lunares y pecas existentes para detectar cualquier cambio, y someterlo a revisi\u00f3n m\u00e9dica. Es importante conocerse a uno mismo y conocer la piel.<\/p><h3><strong>C\u00f3mo realizar un autoexamen de c\u00e1ncer de piel<\/strong><\/h3><p class=\"entry-content\">Los dermat\u00f3logos sugieren que utilices un espejo de cuerpo entero para examinarte todo el cuerpo, por delante y por detr\u00e1s. A continuaci\u00f3n, levante los brazos y m\u00edrese los costados derecho e izquierdo. Dobla los codos y exam\u00ednate cuidadosamente los antebrazos, las axilas y las palmas de las manos. Mira el dorso de las piernas y los pies, entre los dedos y las plantas de los pies. Con el esmalte quitado, comprueba tambi\u00e9n las u\u00f1as de las manos y de los pies. Utiliza un espejo de mano para mirarte la nuca y el cuero cabelludo, y separa el pelo para verlo m\u00e1s de cerca. Por \u00faltimo, comprueba toda la zona de la espalda con un espejo de mano.<\/p><p class=\"entry-content\">Cuando se realice un autoexamen, tenga en cuenta que el c\u00e1ncer de piel puede desarrollarse en cualquier parte de la piel, no s\u00f3lo en las zonas expuestas al sol. \"El melanoma es un tipo de c\u00e1ncer de piel que comienza en los melanocitos. Es potencialmente peligroso porque puede invadir los tejidos cercanos y extenderse a otras partes del cuerpo.<\/p><p class=\"entry-content\">Cuanto antes se detecte y extirpe el melanoma, m\u00e1s probabilidades de \u00e9xito tendr\u00e1 el tratamiento. Puede desarrollarse a partir de un lunar com\u00fan o un nevus displ\u00e1sico y en zonas de\u00a0<a href=\"https:\/\/affderm.com\/services\/skin-cancer-treatment-prevention\/\" target=\"_blank\" rel=\"noopener noreferrer\">piel aparentemente normal<\/a>. Uno de los mitos m\u00e1s comunes sobre el melanoma es que siempre es consecuencia de la exposici\u00f3n al sol. Recuerde que s\u00f3lo necesita unos minutos para revisar su piel, \u00a1y podr\u00eda salvarle la vida!<\/p><p><b>C\u00f3mo estar seguro bajo el sol<\/b><\/p><p class=\"entry-content\">Aunque el sol influye en muchos casos, los expertos afirman que algunas personas heredan genes que las hacen propensas a desarrollar este c\u00e1ncer de piel sin necesidad de exponerse a los rayos solares.<\/p>\t\t\t\t\t\t\t\t<\/div>\n\t\t\t\t<\/div>\n\t\t\t\t<div class=\"elementor-element elementor-element-b2984d5 elementor-widget elementor-widget-image\" data-id=\"b2984d5\" data-element_type=\"widget\" data-e-type=\"widget\" data-widget_type=\"image.default\">\n\t\t\t\t<div class=\"elementor-widget-container\">\n\t\t\t\t\t\t\t\t\t\t\t\t\t\t\t<img loading=\"lazy\" decoding=\"async\" width=\"500\" height=\"334\" src=\"https:\/\/i0.wp.com\/affdermaz.com\/wp-content\/uploads\/2022\/03\/affderm-2022-03-15T190154.017.png?fit=500%2C334&amp;ssl=1\" class=\"attachment-large size-large wp-image-2703\" alt=\"\" \/>\t\t\t\t\t\t\t\t\t\t\t\t\t\t\t<\/div>\n\t\t\t\t<\/div>\n\t\t\t\t<div class=\"elementor-element elementor-element-6362003 elementor-widget elementor-widget-text-editor\" data-id=\"6362003\" data-element_type=\"widget\" data-e-type=\"widget\" data-widget_type=\"text-editor.default\">\n\t\t\t\t<div class=\"elementor-widget-container\">\n\t\t\t\t\t\t\t\t\t<p>Otros consejos para prevenir el c\u00e1ncer de piel son:<\/p><ul><li>Buscar la sombra cuando el sol es m\u00e1s fuerte, de 10 a 16 horas.<\/li><li>Utiliza la prueba de la sombra para determinar la intensidad de los rayos solares: si tu sombra es m\u00e1s corta que t\u00fa, entonces los rayos son m\u00e1s intensos.<\/li><li>Prot\u00e9jase con\u00a0<a href=\"https:\/\/www.coolibar.com\/?gclid=EAIaIQobChMIpZ69rqaw2wIVAappCh21iQfrEAAYASAAEgI_TfD_BwE\">ropa<\/a>. Si la luz puede atravesar la ropa, los rayos UV tambi\u00e9n pueden penetrar. Los colores oscuros protegen mejor que los claros, al igual que los tejidos m\u00e1s apretados.<\/li><li>Llevar\u00a0<a href=\"https:\/\/fostergrant.com\/store\/?gclid=EAIaIQobChMIirqsgKuw2wIVhTFpCh2MzgKUEAAYASAAEgLZ8_D_BwE\">Gafas de sol con protecci\u00f3n UV<\/a>\u00a0para protegerse los ojos y un sombrero de ala ancha para protegerse el cuero cabelludo, la cara y las orejas. Ahora existen prendas con SPF que pueden proporcionar protecci\u00f3n UV incorporada.<\/li><li>Utiliza un protector solar de amplio espectro (UVA\/UVB) con un FPS de 30 o superior sobre la piel desprotegida. Preste especial atenci\u00f3n a la cara, las orejas y el cuello. Utilice\u00a0<a href=\"https:\/\/www.ulta.com\/sunscreen-lip-balm-spf-30?productId=xlsImpprod11941051&amp;sku=2253970&amp;cmpid=PS_Non!google!Product_Listing_Ads&amp;cagpspn=pla&amp;CATCI=pla-446835925172&amp;CAAGID=22029362790&amp;CAWELAID=330000200000505798&amp;CATARGETID=330000200001412453&amp;cadevice=c&amp;gclid=EAIaIQobChMIkuyM5Kaw2wIVB7XACh3FVQvTEAYYAiABEgIDOvD_BwE\">b\u00e1lsamo labial<\/a>\u00a0con protector solar en los labios.<\/li><\/ul><p>Tenga en cuenta que la crema solar no bloquea todos los rayos UV y que debe reaplicarse al menos cada dos horas para mantener la protecci\u00f3n, sobre todo al sudar o nadar.\u00a0<a href=\"https:\/\/affderm.brilliantconnections.com\/skinmedica%C2%AE-products\/protect\/?lang=en_US\" target=\"_blank\" rel=\"noopener noreferrer\">Protector solar<\/a>\u00a0es igual de importante en d\u00edas brumosos o nublados. Evite las camas bronceadoras, las cabinas y las l\u00e1mparas solares. No hay bronceado seguro. Los estudios han demostrado que la exposici\u00f3n a la radiaci\u00f3n UV da\u00f1a la piel, tanto si la exposici\u00f3n procede de las c\u00e1maras de bronceado como de la luz solar natural.<\/p><p>El Dr. Mullens de Affiliated Dermatology nos explic\u00f3 su protector solar favorito:<\/p>\t\t\t\t\t\t\t\t<\/div>\n\t\t\t\t<\/div>\n\t\t\t\t<div class=\"elementor-element elementor-element-d48d895 elementor-widget elementor-widget-text-editor\" data-id=\"d48d895\" data-element_type=\"widget\" data-e-type=\"widget\" data-widget_type=\"text-editor.default\">\n\t\t\t\t<div class=\"elementor-widget-container\">\n\t\t\t\t\t\t\t\t\t<p>\"Me encanta\u00a0<a href=\"https:\/\/www.neutrogena.com\/search?q=sheer+zinc&amp;lang=default&amp;utm_source=google&amp;utm_medium=cpc&amp;utm_campaign=NTG-Sun-Brand-SheerZinc-BMM-G&amp;utm_content=Brand-Lotion&amp;utm_term=+sheer%20+zinc%20+sunscreen&amp;gclid=EAIaIQobChMIwJn7tLaw2wIVHLjACh09Yw06EAAYASAAEgJBj_D_BwE\">Protector solar de base mineral Neutrogena Sheer Zinc SPF<\/a>.  Contiene \u00d3XIDO DE ZINC 21,6% que proporciona una protecci\u00f3n eficaz contra los rayos UVA y UVB.  El protector solar se seca transparente, por lo que puede utilizarse con maquillaje. Es hipoalerg\u00e9nico, sin parabenos, sin ftalatos, sin colorantes y apto para pieles sensibles.\"<\/p>\t\t\t\t\t\t\t\t<\/div>\n\t\t\t\t<\/div>\n\t\t\t\t<div class=\"elementor-element elementor-element-7d32d44 elementor-widget elementor-widget-text-editor\" data-id=\"7d32d44\" data-element_type=\"widget\" data-e-type=\"widget\" data-widget_type=\"text-editor.default\">\n\t\t\t\t<div class=\"elementor-widget-container\">\n\t\t\t\t\t\t\t\t\t<h3><b>\u00bfQu\u00e9 ocurre cuando te quemas con el sol?<\/b><\/h3><p>Despu\u00e9s de una quemadura solar, la piel pierde mucho l\u00edquido. Por eso es importante beber mucha agua. A la hora de ba\u00f1arse y ducharse, la piel sobrecalentada tras una quemadura se beneficia de mantener el agua fr\u00eda.\u00a0<\/p>\t\t\t\t\t\t\t\t<\/div>\n\t\t\t\t<\/div>\n\t\t\t\t<div class=\"elementor-element elementor-element-a86423b elementor-widget elementor-widget-image\" data-id=\"a86423b\" data-element_type=\"widget\" data-e-type=\"widget\" data-widget_type=\"image.default\">\n\t\t\t\t<div class=\"elementor-widget-container\">\n\t\t\t\t\t\t\t\t\t\t\t\t\t\t\t<img loading=\"lazy\" decoding=\"async\" width=\"800\" height=\"534\" src=\"https:\/\/i0.wp.com\/affdermaz.com\/wp-content\/uploads\/2022\/03\/affderm-2022-03-15T190156.503.png?fit=800%2C534&amp;ssl=1\" class=\"attachment-large size-large wp-image-2702\" alt=\"\" srcset=\"https:\/\/i0.wp.com\/affdermaz.com\/wp-content\/uploads\/2022\/03\/affderm-2022-03-15T190156.503.png?w=1024&amp;ssl=1 1024w, https:\/\/i0.wp.com\/affdermaz.com\/wp-content\/uploads\/2022\/03\/affderm-2022-03-15T190156.503.png?resize=800%2C534&amp;ssl=1 800w, https:\/\/i0.wp.com\/affdermaz.com\/wp-content\/uploads\/2022\/03\/affderm-2022-03-15T190156.503.png?resize=768%2C512&amp;ssl=1 768w\" sizes=\"auto, (max-width: 800px) 100vw, 800px\" \/>\t\t\t\t\t\t\t\t\t\t\t\t\t\t\t<\/div>\n\t\t\t\t<\/div>\n\t\t\t\t<div class=\"elementor-element elementor-element-57426f1 elementor-widget elementor-widget-text-editor\" data-id=\"57426f1\" data-element_type=\"widget\" data-e-type=\"widget\" data-widget_type=\"text-editor.default\">\n\t\t\t\t<div class=\"elementor-widget-container\">\n\t\t\t\t\t\t\t\t\t<p>El agua caliente puede empeorarla e incluso provocar ampollas dolorosas. Utiliza jabones no secantes y sin perfume, y no pases demasiado tiempo en la ducha para evitar que la piel se seque en exceso. Adem\u00e1s, lleva ropa holgada; una quemadura solar puede hacer que la piel se inflame, por lo que llevar ropa ajustada no le dar\u00e1 espacio para curarse.<\/p><h3><b>\u00bfEs importante proteger el cabello y el cuero cabelludo del sol?<\/b><\/h3><p>El Dr. Andrew Newman, que actualmente es residente de dermatolog\u00eda en Affiliated Dermatology, habl\u00f3 sobre esta cuesti\u00f3n.<\/p>\t\t\t\t\t\t\t\t<\/div>\n\t\t\t\t<\/div>\n\t\t\t\t<div class=\"elementor-element elementor-element-28306b8 elementor-widget elementor-widget-text-editor\" data-id=\"28306b8\" data-element_type=\"widget\" data-e-type=\"widget\" data-widget_type=\"text-editor.default\">\n\t\t\t\t<div class=\"elementor-widget-container\">\n\t\t\t\t\t\t\t\t\t\"Nunca he dicho a mis pacientes que deban centrarse m\u00e1s en proteger su cabello de la luz solar. Hay cosas m\u00e1s importantes que hacer. Lo que quiero decir es que hago que mis pacientes se centren en proteger su cuero cabelludo y su cara para que no desarrollen c\u00e1nceres de piel. Si mis pacientes se ponen un sombrero para protegerse el cuero cabelludo del sol, soy un dermat\u00f3logo feliz. El cambio de color del pelo debido a la exposici\u00f3n a la luz solar es un fen\u00f3meno real, pero su efecto es s\u00f3lo temporal, ya que el pelo nuevo pronto sustituir\u00e1 al viejo. En cambio, la piel del cuero cabelludo da\u00f1ada por el sol es m\u00e1s permanente. En conclusi\u00f3n, mantener el pelo alejado del sol no es una mala idea; simplemente no es algo que me quite el sue\u00f1o.\"\n\n\t\t\t\t\t\t\t\t<\/div>\n\t\t\t\t<\/div>\n\t\t\t\t<div class=\"elementor-element elementor-element-eba1d1b elementor-widget elementor-widget-text-editor\" data-id=\"eba1d1b\" data-element_type=\"widget\" data-e-type=\"widget\" data-widget_type=\"text-editor.default\">\n\t\t\t\t<div class=\"elementor-widget-container\">\n\t\t\t\t\t\t\t\t\t<h3><b>\u00bfAd\u00f3nde ir ahora?<\/b><\/h3><p>Si usted nota algo fuera de lo normal, no dude en llamarnos al (602) AFF-DERM para obtener su examen de la piel. Incluso si usted no nota nada irregular o fuera de lo com\u00fan, los dermat\u00f3logos de Affiliated Dermatology en Phoenix, Arizona pueden ayudarle a buscar en los puntos que usted podr\u00eda no estar mirando o viendo. Tome la ruta segura, proteger la piel que est\u00e1 en, y visitar\u00a0<a href=\"https:\/\/affderm.com\/contact-us\/\">Dermatolog\u00eda afiliada<\/a>\u00a0\u00a1hoy!<\/p>\t\t\t\t\t\t\t\t<\/div>\n\t\t\t\t<\/div>\n\t\t\t\t\t<\/div>\n\t\t<\/div>\n\t\t\t\t\t<\/div>\n\t\t<\/section>\n\t\t\t\t<\/div>","protected":false},"excerpt":{"rendered":"<p>Awareness, early detection, and active prevention are the keys to fighting skin cancer and increasing survival rates. Stop wasting time [&hellip;]<\/p>\n","protected":false},"author":1,"featured_media":2710,"comment_status":"open","ping_status":"open","sticky":false,"template":"","format":"standard","meta":{"_acf_changed":false,"_jetpack_memberships_contains_paid_content":false,"footnotes":""},"categories":[1],"tags":[],"class_list":["post-2697","post","type-post","status-publish","format-standard","has-post-thumbnail","hentry","category-uncategorized"],"acf":[],"yoast_head":"<!-- This site is optimized with the Yoast SEO plugin v27.4 - https:\/\/yoast.com\/product\/yoast-seo-wordpress\/ -->\n<title>Skin Cancer: What to Look for &amp; How to Protect Yourself - Affiliated Dermatology<\/title>\n<meta name=\"robots\" content=\"noindex, follow\" \/>\n<meta property=\"og:locale\" content=\"es_MX\" \/>\n<meta property=\"og:type\" content=\"article\" \/>\n<meta property=\"og:title\" content=\"Skin Cancer: What to Look for &amp; How to Protect Yourself - Affiliated Dermatology\" \/>\n<meta property=\"og:description\" content=\"Awareness, early detection, and active prevention are the keys to fighting skin cancer and increasing survival rates. Stop wasting time [&hellip;]\" \/>\n<meta property=\"og:url\" content=\"https:\/\/affdermaz.com\/es\/skin-cancer-what-to-look-for-how-to-protect-yourself\/\" \/>\n<meta property=\"og:site_name\" content=\"Affiliated Dermatology\" \/>\n<meta property=\"article:published_time\" content=\"2022-03-15T13:33:02+00:00\" \/>\n<meta property=\"article:modified_time\" content=\"2022-03-16T13:28:18+00:00\" \/>\n<meta property=\"og:image\" content=\"https:\/\/affdermaz.com\/wp-content\/uploads\/2022\/03\/affderm-2022-03-15T190138.144.png\" \/>\n\t<meta property=\"og:image:width\" content=\"2140\" \/>\n\t<meta property=\"og:image:height\" content=\"1203\" \/>\n\t<meta property=\"og:image:type\" content=\"image\/png\" \/>\n<meta name=\"author\" content=\"adminaff\" \/>\n<meta name=\"twitter:card\" content=\"summary_large_image\" \/>\n<meta name=\"twitter:label1\" content=\"Escrito por\" \/>\n\t<meta name=\"twitter:data1\" content=\"adminaff\" \/>\n\t<meta name=\"twitter:label2\" content=\"Tiempo de lectura\" \/>\n\t<meta name=\"twitter:data2\" content=\"8 minutos\" \/>\n<script type=\"application\/ld+json\" class=\"yoast-schema-graph\">{\"@context\":\"https:\\\/\\\/schema.org\",\"@graph\":[{\"@type\":\"Article\",\"@id\":\"https:\\\/\\\/affdermaz.com\\\/skin-cancer-what-to-look-for-how-to-protect-yourself\\\/#article\",\"isPartOf\":{\"@id\":\"https:\\\/\\\/affdermaz.com\\\/skin-cancer-what-to-look-for-how-to-protect-yourself\\\/\"},\"author\":{\"name\":\"adminaff\",\"@id\":\"https:\\\/\\\/affdermaz.com\\\/#\\\/schema\\\/person\\\/f217bdc5ea5c6fb56cff9d087a9e007a\"},\"headline\":\"Skin Cancer: What to Look for &#038; How to Protec\",\"datePublished\":\"2022-03-15T13:33:02+00:00\",\"dateModified\":\"2022-03-16T13:28:18+00:00\",\"mainEntityOfPage\":{\"@id\":\"https:\\\/\\\/affdermaz.com\\\/skin-cancer-what-to-look-for-how-to-protect-yourself\\\/\"},\"wordCount\":1571,\"commentCount\":0,\"image\":{\"@id\":\"https:\\\/\\\/affdermaz.com\\\/skin-cancer-what-to-look-for-how-to-protect-yourself\\\/#primaryimage\"},\"thumbnailUrl\":\"https:\\\/\\\/i0.wp.com\\\/affdermaz.com\\\/wp-content\\\/uploads\\\/2022\\\/03\\\/affderm-2022-03-15T190138.144.png?fit=2140%2C1203&ssl=1\",\"articleSection\":[\"Uncategorized\"],\"inLanguage\":\"es\"},{\"@type\":\"WebPage\",\"@id\":\"https:\\\/\\\/affdermaz.com\\\/skin-cancer-what-to-look-for-how-to-protect-yourself\\\/\",\"url\":\"https:\\\/\\\/affdermaz.com\\\/skin-cancer-what-to-look-for-how-to-protect-yourself\\\/\",\"name\":\"Skin Cancer: What to Look for & How to Protect Yourself - Affiliated Dermatology\",\"isPartOf\":{\"@id\":\"https:\\\/\\\/affdermaz.com\\\/#website\"},\"primaryImageOfPage\":{\"@id\":\"https:\\\/\\\/affdermaz.com\\\/skin-cancer-what-to-look-for-how-to-protect-yourself\\\/#primaryimage\"},\"image\":{\"@id\":\"https:\\\/\\\/affdermaz.com\\\/skin-cancer-what-to-look-for-how-to-protect-yourself\\\/#primaryimage\"},\"thumbnailUrl\":\"https:\\\/\\\/i0.wp.com\\\/affdermaz.com\\\/wp-content\\\/uploads\\\/2022\\\/03\\\/affderm-2022-03-15T190138.144.png?fit=2140%2C1203&ssl=1\",\"datePublished\":\"2022-03-15T13:33:02+00:00\",\"dateModified\":\"2022-03-16T13:28:18+00:00\",\"author\":{\"@id\":\"https:\\\/\\\/affdermaz.com\\\/#\\\/schema\\\/person\\\/f217bdc5ea5c6fb56cff9d087a9e007a\"},\"breadcrumb\":{\"@id\":\"https:\\\/\\\/affdermaz.com\\\/skin-cancer-what-to-look-for-how-to-protect-yourself\\\/#breadcrumb\"},\"inLanguage\":\"es\",\"potentialAction\":[{\"@type\":\"ReadAction\",\"target\":[\"https:\\\/\\\/affdermaz.com\\\/skin-cancer-what-to-look-for-how-to-protect-yourself\\\/\"]}]},{\"@type\":\"ImageObject\",\"inLanguage\":\"es\",\"@id\":\"https:\\\/\\\/affdermaz.com\\\/skin-cancer-what-to-look-for-how-to-protect-yourself\\\/#primaryimage\",\"url\":\"https:\\\/\\\/i0.wp.com\\\/affdermaz.com\\\/wp-content\\\/uploads\\\/2022\\\/03\\\/affderm-2022-03-15T190138.144.png?fit=2140%2C1203&ssl=1\",\"contentUrl\":\"https:\\\/\\\/i0.wp.com\\\/affdermaz.com\\\/wp-content\\\/uploads\\\/2022\\\/03\\\/affderm-2022-03-15T190138.144.png?fit=2140%2C1203&ssl=1\",\"width\":2140,\"height\":1203},{\"@type\":\"BreadcrumbList\",\"@id\":\"https:\\\/\\\/affdermaz.com\\\/skin-cancer-what-to-look-for-how-to-protect-yourself\\\/#breadcrumb\",\"itemListElement\":[{\"@type\":\"ListItem\",\"position\":1,\"name\":\"Home\",\"item\":\"https:\\\/\\\/affdermaz.com\\\/\"},{\"@type\":\"ListItem\",\"position\":2,\"name\":\"Skin Cancer: What to Look for &#038; How to Protec\"}]},{\"@type\":\"WebSite\",\"@id\":\"https:\\\/\\\/affdermaz.com\\\/#website\",\"url\":\"https:\\\/\\\/affdermaz.com\\\/\",\"name\":\"Affiliated Dermatology\",\"description\":\"Experts in Skin Disease Treatment &amp; Prevention\",\"potentialAction\":[{\"@type\":\"SearchAction\",\"target\":{\"@type\":\"EntryPoint\",\"urlTemplate\":\"https:\\\/\\\/affdermaz.com\\\/?s={search_term_string}\"},\"query-input\":{\"@type\":\"PropertyValueSpecification\",\"valueRequired\":true,\"valueName\":\"search_term_string\"}}],\"inLanguage\":\"es\"},{\"@type\":\"Person\",\"@id\":\"https:\\\/\\\/affdermaz.com\\\/#\\\/schema\\\/person\\\/f217bdc5ea5c6fb56cff9d087a9e007a\",\"name\":\"adminaff\",\"sameAs\":[\"https:\\\/\\\/affdermaz.com\\\/affderm.com\"]}]}<\/script>\n<!-- \/ Yoast SEO plugin. -->","yoast_head_json":{"title":"Skin Cancer: What to Look for & How to Protect Yourself - Affiliated Dermatology","robots":{"index":"noindex","follow":"follow"},"og_locale":"es_MX","og_type":"article","og_title":"Skin Cancer: What to Look for & How to Protect Yourself - Affiliated Dermatology","og_description":"Awareness, early detection, and active prevention are the keys to fighting skin cancer and increasing survival rates. Stop wasting time [&hellip;]","og_url":"https:\/\/affdermaz.com\/es\/skin-cancer-what-to-look-for-how-to-protect-yourself\/","og_site_name":"Affiliated Dermatology","article_published_time":"2022-03-15T13:33:02+00:00","article_modified_time":"2022-03-16T13:28:18+00:00","og_image":[{"width":2140,"height":1203,"url":"https:\/\/affdermaz.com\/wp-content\/uploads\/2022\/03\/affderm-2022-03-15T190138.144.png","type":"image\/png"}],"author":"adminaff","twitter_card":"summary_large_image","twitter_misc":{"Escrito por":"adminaff","Tiempo de lectura":"8 minutos"},"schema":{"@context":"https:\/\/schema.org","@graph":[{"@type":"Article","@id":"https:\/\/affdermaz.com\/skin-cancer-what-to-look-for-how-to-protect-yourself\/#article","isPartOf":{"@id":"https:\/\/affdermaz.com\/skin-cancer-what-to-look-for-how-to-protect-yourself\/"},"author":{"name":"adminaff","@id":"https:\/\/affdermaz.com\/#\/schema\/person\/f217bdc5ea5c6fb56cff9d087a9e007a"},"headline":"Skin Cancer: What to Look for &#038; How to Protec","datePublished":"2022-03-15T13:33:02+00:00","dateModified":"2022-03-16T13:28:18+00:00","mainEntityOfPage":{"@id":"https:\/\/affdermaz.com\/skin-cancer-what-to-look-for-how-to-protect-yourself\/"},"wordCount":1571,"commentCount":0,"image":{"@id":"https:\/\/affdermaz.com\/skin-cancer-what-to-look-for-how-to-protect-yourself\/#primaryimage"},"thumbnailUrl":"https:\/\/i0.wp.com\/affdermaz.com\/wp-content\/uploads\/2022\/03\/affderm-2022-03-15T190138.144.png?fit=2140%2C1203&ssl=1","articleSection":["Uncategorized"],"inLanguage":"es"},{"@type":"WebPage","@id":"https:\/\/affdermaz.com\/skin-cancer-what-to-look-for-how-to-protect-yourself\/","url":"https:\/\/affdermaz.com\/skin-cancer-what-to-look-for-how-to-protect-yourself\/","name":"Skin Cancer: What to Look for & How to Protect Yourself - Affiliated Dermatology","isPartOf":{"@id":"https:\/\/affdermaz.com\/#website"},"primaryImageOfPage":{"@id":"https:\/\/affdermaz.com\/skin-cancer-what-to-look-for-how-to-protect-yourself\/#primaryimage"},"image":{"@id":"https:\/\/affdermaz.com\/skin-cancer-what-to-look-for-how-to-protect-yourself\/#primaryimage"},"thumbnailUrl":"https:\/\/i0.wp.com\/affdermaz.com\/wp-content\/uploads\/2022\/03\/affderm-2022-03-15T190138.144.png?fit=2140%2C1203&ssl=1","datePublished":"2022-03-15T13:33:02+00:00","dateModified":"2022-03-16T13:28:18+00:00","author":{"@id":"https:\/\/affdermaz.com\/#\/schema\/person\/f217bdc5ea5c6fb56cff9d087a9e007a"},"breadcrumb":{"@id":"https:\/\/affdermaz.com\/skin-cancer-what-to-look-for-how-to-protect-yourself\/#breadcrumb"},"inLanguage":"es","potentialAction":[{"@type":"ReadAction","target":["https:\/\/affdermaz.com\/skin-cancer-what-to-look-for-how-to-protect-yourself\/"]}]},{"@type":"ImageObject","inLanguage":"es","@id":"https:\/\/affdermaz.com\/skin-cancer-what-to-look-for-how-to-protect-yourself\/#primaryimage","url":"https:\/\/i0.wp.com\/affdermaz.com\/wp-content\/uploads\/2022\/03\/affderm-2022-03-15T190138.144.png?fit=2140%2C1203&ssl=1","contentUrl":"https:\/\/i0.wp.com\/affdermaz.com\/wp-content\/uploads\/2022\/03\/affderm-2022-03-15T190138.144.png?fit=2140%2C1203&ssl=1","width":2140,"height":1203},{"@type":"BreadcrumbList","@id":"https:\/\/affdermaz.com\/skin-cancer-what-to-look-for-how-to-protect-yourself\/#breadcrumb","itemListElement":[{"@type":"ListItem","position":1,"name":"Home","item":"https:\/\/affdermaz.com\/"},{"@type":"ListItem","position":2,"name":"Skin Cancer: What to Look for &#038; How to Protec"}]},{"@type":"WebSite","@id":"https:\/\/affdermaz.com\/#website","url":"https:\/\/affdermaz.com\/","name":"Dermatolog\u00eda afiliada","description":"Expertos en tratamiento y prevenci\u00f3n de enfermedades cut\u00e1neas","potentialAction":[{"@type":"SearchAction","target":{"@type":"EntryPoint","urlTemplate":"https:\/\/affdermaz.com\/?s={search_term_string}"},"query-input":{"@type":"PropertyValueSpecification","valueRequired":true,"valueName":"search_term_string"}}],"inLanguage":"es"},{"@type":"Person","@id":"https:\/\/affdermaz.com\/#\/schema\/person\/f217bdc5ea5c6fb56cff9d087a9e007a","name":"adminaff","sameAs":["https:\/\/affdermaz.com\/affderm.com"]}]}},"jetpack_featured_media_url":"https:\/\/i0.wp.com\/affdermaz.com\/wp-content\/uploads\/2022\/03\/affderm-2022-03-15T190138.144.png?fit=2140%2C1203&ssl=1","jetpack_sharing_enabled":true,"jetpack_likes_enabled":true,"_links":{"self":[{"href":"https:\/\/affdermaz.com\/es\/wp-json\/wp\/v2\/posts\/2697","targetHints":{"allow":["GET"]}}],"collection":[{"href":"https:\/\/affdermaz.com\/es\/wp-json\/wp\/v2\/posts"}],"about":[{"href":"https:\/\/affdermaz.com\/es\/wp-json\/wp\/v2\/types\/post"}],"author":[{"embeddable":true,"href":"https:\/\/affdermaz.com\/es\/wp-json\/wp\/v2\/users\/1"}],"replies":[{"embeddable":true,"href":"https:\/\/affdermaz.com\/es\/wp-json\/wp\/v2\/comments?post=2697"}],"version-history":[{"count":0,"href":"https:\/\/affdermaz.com\/es\/wp-json\/wp\/v2\/posts\/2697\/revisions"}],"wp:featuredmedia":[{"embeddable":true,"href":"https:\/\/affdermaz.com\/es\/wp-json\/wp\/v2\/media\/2710"}],"wp:attachment":[{"href":"https:\/\/affdermaz.com\/es\/wp-json\/wp\/v2\/media?parent=2697"}],"wp:term":[{"taxonomy":"category","embeddable":true,"href":"https:\/\/affdermaz.com\/es\/wp-json\/wp\/v2\/categories?post=2697"},{"taxonomy":"post_tag","embeddable":true,"href":"https:\/\/affdermaz.com\/es\/wp-json\/wp\/v2\/tags?post=2697"}],"curies":[{"name":"wp","href":"https:\/\/api.w.org\/{rel}","templated":true}]}}