{"id":2831,"date":"2022-03-16T04:22:51","date_gmt":"2022-03-16T04:22:51","guid":{"rendered":"http:\/\/120.72.95.94:55147\/?p=2831"},"modified":"2024-01-03T12:21:24","modified_gmt":"2024-01-03T19:21:24","slug":"why-you-need-to-wear-sunscreen-365-days-a-year","status":"publish","type":"post","link":"https:\/\/affdermaz.com\/es\/why-you-need-to-wear-sunscreen-365-days-a-year\/","title":{"rendered":"Por qu\u00e9 hay que usar protecci\u00f3n solar 365 d\u00edas al a\u00f1o"},"content":{"rendered":"<div data-elementor-type=\"wp-post\" data-elementor-id=\"2831\" class=\"elementor elementor-2831\">\n\t\t\t\t\t\t<section class=\"elementor-section elementor-top-section elementor-element elementor-element-81ce6e5 elementor-section-boxed elementor-section-height-default elementor-section-height-default\" data-id=\"81ce6e5\" data-element_type=\"section\" data-e-type=\"section\">\n\t\t\t\t\t\t<div class=\"elementor-container elementor-column-gap-default\">\n\t\t\t\t\t<div class=\"elementor-column elementor-col-100 elementor-top-column elementor-element elementor-element-bdd9d79\" data-id=\"bdd9d79\" data-element_type=\"column\" data-e-type=\"column\">\n\t\t\t<div class=\"elementor-widget-wrap elementor-element-populated\">\n\t\t\t\t\t\t<div class=\"elementor-element elementor-element-310617c elementor-widget elementor-widget-text-editor\" data-id=\"310617c\" data-element_type=\"widget\" data-e-type=\"widget\" data-widget_type=\"text-editor.default\">\n\t\t\t\t<div class=\"elementor-widget-container\">\n\t\t\t\t\t\t\t\t\t<p><strong>Las personas que viven en Phoenix, tambi\u00e9n conocida cari\u00f1osamente como el Valle del Sol, est\u00e1n expuestas al sol 296 d\u00edas al a\u00f1o.<\/strong><\/p><p>Aunque no tengamos d\u00edas soleados todos los d\u00edas del a\u00f1o, eso no significa que no estemos expuestos a los da\u00f1os del sol incluso en los d\u00edas nublados ocasionales. En un d\u00eda nublado, las nubes pueden bloquear la luz solar, pero eso no significa que bloqueen los rayos que causan da\u00f1os en la piel.<\/p><h2><b><strong>Apl\u00edquese crema solar todos los d\u00edas<\/strong><\/b><\/h2><p>Las nubes pueden reducir la cantidad de rayos UVA y UVB, pero no los bloquean por completo. Por eso es tan importante llevar\u00a0<a href=\"https:\/\/affderm.com\/2019\/08\/20\/how-to-avoid-common-sunscreen-mistakes\/\">protector solar de amplio espectro<\/a>\u00a0\u00a1incluso en un d\u00eda nublado! Cuando se le pregunta por qu\u00e9 anima a sus pacientes a usar protecci\u00f3n solar los 365 d\u00edas del a\u00f1o, el dermat\u00f3logo de Affiliated Dermatology\u00a0<a href=\"https:\/\/affderm.com\/our-providers\/#jp-carousel-713\">Dr. Mitchell Manway<\/a>\u00a0respondi\u00f3 con:<\/p>\t\t\t\t\t\t\t\t<\/div>\n\t\t\t\t<\/div>\n\t\t\t\t<div class=\"elementor-element elementor-element-2fe5946 elementor-widget elementor-widget-text-editor\" data-id=\"2fe5946\" data-element_type=\"widget\" data-e-type=\"widget\" data-widget_type=\"text-editor.default\">\n\t\t\t\t<div class=\"elementor-widget-container\">\n\t\t\t\t\t\t\t\t\t\"Las quemaduras solares o la exposici\u00f3n al sol repetidas y frecuentes pueden causar da\u00f1os en la piel tanto temporales como permanentes y conducir a la aparici\u00f3n de c\u00e1ncer de piel con el tiempo. La mayor\u00eda de los tipos de c\u00e1ncer de piel suelen ser el resultado del da\u00f1o solar acumulativo recibido a lo largo de muchos a\u00f1os de vida, por lo que no se observa necesariamente un mayor n\u00famero de nuevos casos de c\u00e1ncer de piel durante los meses de primavera o verano.\"\n\n\t\t\t\t\t\t\t\t<\/div>\n\t\t\t\t<\/div>\n\t\t\t\t<div class=\"elementor-element elementor-element-db653a6 elementor-widget elementor-widget-text-editor\" data-id=\"db653a6\" data-element_type=\"widget\" data-e-type=\"widget\" data-widget_type=\"text-editor.default\">\n\t\t\t\t<div class=\"elementor-widget-container\">\n\t\t\t\t\t\t\t\t\t<p>Aunque la mayor parte del da\u00f1o solar puede deberse a los fuertes rayos de la primavera y el verano, el Dr. Manway insiste a sus pacientes en que deben vigilar su piel durante todo el a\u00f1o para detectar cualquier cambio:<\/p>\t\t\t\t\t\t\t\t<\/div>\n\t\t\t\t<\/div>\n\t\t\t\t<div class=\"elementor-element elementor-element-caa0e8e elementor-widget elementor-widget-text-editor\" data-id=\"caa0e8e\" data-element_type=\"widget\" data-e-type=\"widget\" data-widget_type=\"text-editor.default\">\n\t\t\t\t<div class=\"elementor-widget-container\">\n\t\t\t\t\t\t\t\t\t\"Los pacientes deben observar su piel durante todo el a\u00f1o para detectar cualquier cambio sospechoso, como lesiones que muestren signos de descamaci\u00f3n persistente, descamaci\u00f3n, aspereza, enrojecimiento, formaci\u00f3n de costras, sangrado o zonas que no cicatricen por otros motivos.\"\n\n\t\t\t\t\t\t\t\t<\/div>\n\t\t\t\t<\/div>\n\t\t\t\t<div class=\"elementor-element elementor-element-073fe21 elementor-widget elementor-widget-text-editor\" data-id=\"073fe21\" data-element_type=\"widget\" data-e-type=\"widget\" data-widget_type=\"text-editor.default\">\n\t\t\t\t<div class=\"elementor-widget-container\">\n\t\t\t\t\t\t\t\t\t<p>Estos s\u00edntomas son signos inc\u00f3modos y comunes de afecciones cut\u00e1neas como\u00a0<a href=\"https:\/\/affderm.com\/services\/medical-dermatology\/eczema\/\">eczema<\/a>quemaduras solares,\u00a0<a href=\"https:\/\/affderm.com\/services\/medical-dermatology\/psoriasis\/\">psoriasis<\/a>o incluso falta de hidrataci\u00f3n en la piel. Si tu piel empeora o notas manchas que pueden tener un aspecto diferente, podr\u00eda ser un indicio de algo m\u00e1s grave.<\/p><h2><b><strong>Vigile su piel<\/strong>\u00a0<\/b><\/h2><p>Otra forma de controlar los lunares es<a href=\"https:\/\/affderm.com\/2019\/10\/24\/how-to-examine-your-skin-at-home\/\">\u00a0aprender a buscar el ABCDE<\/a>. Este acr\u00f3nimo significa asimetr\u00eda, bordes, color, di\u00e1metro y evoluci\u00f3n. El Dr. Manway comparte que entre los ex\u00e1menes anuales de la piel, usted debe revisar sus lunares en casa todos los meses usando la regla \"ABCDE\".<\/p>\t\t\t\t\t\t\t\t<\/div>\n\t\t\t\t<\/div>\n\t\t\t\t<div class=\"elementor-element elementor-element-eeadde2 elementor-widget elementor-widget-text-editor\" data-id=\"eeadde2\" data-element_type=\"widget\" data-e-type=\"widget\" data-widget_type=\"text-editor.default\">\n\t\t\t\t<div class=\"elementor-widget-container\">\n\t\t\t\t\t\t\t\t\t\"Los lunares que no son sim\u00e9tricos, tienen un color uniforme, presentan cambios en el crecimiento o la forma, o tienen un aspecto particularmente singular, pueden ser sospechosos de otras formas de c\u00e1ncer de piel, como el melanoma. Recomendamos ex\u00e1menes anuales de la piel de todo el cuerpo a todos nuestros pacientes para detectar este tipo de lesiones.\"\n\n\t\t\t\t\t\t\t\t<\/div>\n\t\t\t\t<\/div>\n\t\t\t\t<div class=\"elementor-element elementor-element-ed950a3 elementor-widget elementor-widget-text-editor\" data-id=\"ed950a3\" data-element_type=\"widget\" data-e-type=\"widget\" data-widget_type=\"text-editor.default\">\n\t\t\t\t<div class=\"elementor-widget-container\">\n\t\t\t\t\t\t\t\t\t<p>Cuando se busca asimetr\u00eda, esto significa que una mitad del lunar no coincide con la otra. Los bordes de una mancha deben ser uniformes en todo su contorno, pero si los bordes exteriores son irregulares o r\u00edgidos, deber\u00e1s pedir cita para que te la eval\u00faen. Un lunar normal debe ser de un solo color, como marr\u00f3n o marr\u00f3n oscuro, y no debe tener diferentes tonos en toda la mancha. Al examinar el lunar, f\u00edjate en su di\u00e1metro. Si el di\u00e1metro es mayor que la goma de borrar de un l\u00e1piz, la mancha debe ser examinada por un dermat\u00f3logo. Por \u00faltimo, tome nota de un lunar si empieza a notar que su forma, tama\u00f1o o color cambian con el tiempo.<\/p>\n<p>Usted debe buscar estos cambios con regularidad, especialmente si usted tiene antecedentes familiares de c\u00e1ncer de piel. Si usted ha notado alguno de estos cambios, lo mejor es hacer un examen anual de la piel con uno de nuestros proveedores.&nbsp;<\/p>\n<h2><b><strong>C\u00f3mo reducir los signos visibles del da\u00f1o solar&nbsp;<\/strong><\/b><\/h2>\n<p>Los signos del da\u00f1o solar pueden manifestarse de distintas formas y aparecer mucho despu\u00e9s de haber estado al sol. Los signos m\u00e1s<a href=\"https:\/\/www.webmd.com\/skin-problems-and-treatments\/warning-signs\">&nbsp;signos comunes<\/a>&nbsp;del da\u00f1o solar incluyen quemaduras solares, manchas oscuras, arrugas, ros\u00e1cea y zonas \u00e1speras de la piel. Nuestros proveedores de est\u00e9tica m\u00e9dica tambi\u00e9n ofrecen muchos tratamientos que pueden ayudar a su piel a recuperarse de cualquier da\u00f1o solar que pueda haber sufrido a lo largo de los a\u00f1os. Junto con un plan de tratamiento personalizado, tambi\u00e9n podr\u00e1n recomendarle&nbsp;<a href=\"https:\/\/affderm.com\/services\/aesthetic-dermatology\/skin-care-wellness-products\/\">productos m\u00e9dicos para el cuidado de la piel<\/a>&nbsp;que podr\u00e1n ayudar a revertir los signos visibles del da\u00f1o solar.&nbsp;<\/p>\n<p>Si tienes manchas solares, prueba un&nbsp;<a href=\"https:\/\/affderm.com\/services\/aesthetic-dermatology\/chemical-peels\/\" target=\"_blank\" rel=\"noopener noreferrer\">peeling qu\u00edmico.<\/a>&nbsp;Sabemos que puede haber cierto estigma en torno a los peelings qu\u00edmicos, pero no son tan temibles como pueden parecer. Los peelings qu\u00edmicos son una gran manera de estimular la producci\u00f3n natural de col\u00e1geno para ayudar a desarrollar nuevas c\u00e9lulas sanas de la piel. Con esta nueva renovaci\u00f3n celular, puede ayudar a que las manchas solares se desvanezcan y aclaren con el tiempo. La mejor parte es que despu\u00e9s de recibir una exfoliaci\u00f3n, es posible que no necesariamente esperan pelar. En nuestra pr\u00e1ctica, ofrecemos una variedad de diferentes peelings de&nbsp;<a href=\"https:\/\/www.skinmedica.com\/Products\/Peels\" target=\"_blank\" rel=\"noopener noreferrer\">SkinMedica<\/a>,&nbsp;<a href=\"https:\/\/www.pcaskin.com\/our-peel-legacy\/\" target=\"_blank\" rel=\"noopener noreferrer\">Piel PCA<\/a>y&nbsp;<a href=\"https:\/\/www.theperfectdermapeel.com\/testimonials\/\" target=\"_blank\" rel=\"noopener noreferrer\">El peeling perfecto<\/a>&nbsp;que var\u00edan en diferentes niveles de intensidad. Incluso si tiene la piel sensible, tenemos un peeling para usted. Nuestros proveedores recomiendan dejar un tiempo \u00f3ptimo antes de un gran evento para asegurar el mejor brillo post-peeling.<\/p>\n<p>Otra gran opci\u00f3n para ayudar a minimizar la apariencia del da\u00f1o solar es con un&nbsp;<a href=\"https:\/\/affderm.com\/services\/aesthetic-dermatology\/hydrafacial\/\">HydraFacial<\/a>. Este popular tratamiento utiliza un exclusivo sistema patentado Vortex-Fusion para exfoliar, extraer e hidratar la piel. El dise\u00f1o en espiral permite realizar extracciones indoloras. El noventa por ciento del da\u00f1o de la piel est\u00e1 causado por la exposici\u00f3n al sol y con la ayuda de los p\u00e9ptidos y antioxidantes de HydraFacial que se funden en la piel, sus c\u00e9lulas pueden empezar a repararse m\u00e1s r\u00e1pidamente. Se ha demostrado que HydraFacial ayuda a&nbsp;<a href=\"https:\/\/hydrafacial.com\/results\/\" target=\"_blank\" rel=\"noopener noreferrer\">reducir visiblemente<\/a>&nbsp;la aparici\u00f3n de l\u00edneas finas, arrugas, manchas oscuras e hiperpigmentaci\u00f3n. Este tratamiento es perfecto para cualquier tipo de piel, especialmente si usted tiene los poros obstruidos, poros dilatados, y \/ o acn\u00e9 leve. Cuando su HydraFacial est\u00e1 hecho, usted ser\u00e1 capaz de ver toda la piel muerta, puntos negros, suciedad, aceite y m\u00e1s que habitaba en sus poros. Despu\u00e9s de un solo HydraFacial, \u00a1estar\u00e1 resplandeciente!<\/p>\n<h3><b>Los mejores protectores solares de nuestros dermat\u00f3logos<\/b><\/h3>\n<p>Recuerda que, incluso en los d\u00edas nublados o fr\u00edos, debes usar protecci\u00f3n solar. Para protegerte de los rayos nocivos del sol, echa un vistazo a algunos de los protectores solares favoritos de nuestros proveedores.&nbsp;<\/p>\n<p><strong><a href=\"https:\/\/affderm.brilliantconnections.com\/skinmedica%C2%AE-products\/protect\/95703.html?cgid=protect&amp;lang=en_US#cgid=protect&amp;lang=en_US&amp;start=6\" target=\"_blank\" rel=\"noopener noreferrer\">SkinMedica Essential Defense Escudo Mineral SPF 35<\/a><\/strong><\/p>\n<p>Esta mezcla de di\u00f3xido de titanio y \u00f3xido de zinc de SkinMedica\u00ae, uno de los mejores SPF minerales y ganador del premio al mejor protector solar facial mineral de 2019 por Good Housekeeping, se aplica suave y ligeramente, sin dejar residuos grasos ni pegajosos.<\/p>\n<p><strong><a href=\"https:\/\/eltamd.com\/product\/uv-clear-broad-spectrum-spf-46\/\">Protector solar FPS 46 Elta MD<\/a><\/strong><\/p>\n<p>Este protector solar es uno de los favoritos tanto de proveedores como de pacientes debido a su f\u00f3rmula ligera, no grasa y sin aceites. Elta MD SPF 46 tambi\u00e9n es no comedog\u00e9nico, lo que significa que no obstruye los poros y es una gran opci\u00f3n para quienes sufren brotes de acn\u00e9.<\/p>\n<p><strong><a href=\"https:\/\/www.pcaskin.com\/daily-care-products\/broad-spectrum-spf\/sheer-tint-broad-spectrum-spf-45.html?_ga=2.43211365.1915606302.1581528253-558745553.1579619144\">PCA Skin Sheer Tint FPS 45<\/a><\/strong><\/p>\n<p>Si buscas algo con un tinte que puedas usar para un d\u00eda en la piscina, el PCA Skin Sheer Tint es para ti. Este protector solar es resistente al agua a la vez que combate los da\u00f1os causados por los radicales libres con la ayuda de la ubiquinona, un potente antioxidante.&nbsp;<\/p>\n<p><a href=\"https:\/\/www.colorescience.com\/collections\/retailer-landing-page\/products\/sunforgettable-total-protection-brush-on-shield-spf-50\"><strong>Colorescience Brush-On Sunscreen SPF 50<\/strong><\/a><\/p>\n<p>Es imprescindible para llevar en el bolso, la mochila o incluso el coche. El envase hace que este protector solar sea f\u00e1cil de reaplicar sobre la marcha sin el desorden de los protectores solares tradicionales. Adem\u00e1s de protegerte del sol, Colorescience Brush-On Sunscreen tambi\u00e9n protege tu piel de la contaminaci\u00f3n, la luz azul y la radiaci\u00f3n infrarroja.<\/p>\n<p><strong><a href=\"https:\/\/sentelabs.com\/product\/invisible-shield-full-physical\/\">Sente Escudo Invisible SPF 52<\/a><\/strong><\/p>\n<p>Sente es conocida por su cuidado de la piel de calidad m\u00e9dica, y su l\u00ednea de defensa solar es igual de buena. El Escudo Invisible ofrece una barrera f\u00edsica contra los rayos, sin filtros qu\u00edmicos agresivos. Nos encanta porque tambi\u00e9n ofrece protecci\u00f3n medioambiental frente a la contaminaci\u00f3n y la luz azul.<\/p>\n<p><strong>Si ha notado alg\u00fan cambio en su piel o lunares, reserve una cita con uno de nuestros dermat\u00f3logos en uno de nuestros centros en todo el valle de Phoenix. Si usted est\u00e1 buscando para ayudar a reducir la aparici\u00f3n de da\u00f1os por el sol, tales como manchas marrones o arrugas<\/strong>,<strong>&nbsp;programe una consulta gratuita con uno de nuestros profesionales de la est\u00e9tica.<\/strong><\/p>\t\t\t\t\t\t\t\t<\/div>\n\t\t\t\t<\/div>\n\t\t\t\t<div class=\"elementor-element elementor-element-b7aab07 elementor-widget elementor-widget-button\" data-id=\"b7aab07\" data-element_type=\"widget\" data-e-type=\"widget\" data-widget_type=\"button.default\">\n\t\t\t\t<div class=\"elementor-widget-container\">\n\t\t\t\t\t\t\t\t\t<div class=\"elementor-button-wrapper\">\n\t\t\t\t\t<a class=\"elementor-button elementor-button-link elementor-size-sm\" href=\"https:\/\/affderm.com\/contact-us\/\">\n\t\t\t\t\t\t<span class=\"elementor-button-content-wrapper\">\n\t\t\t\t\t\t\t\t\t<span class=\"elementor-button-text\">Reserve ahora<\/span>\n\t\t\t\t\t<\/span>\n\t\t\t\t\t<\/a>\n\t\t\t\t<\/div>\n\t\t\t\t\t\t\t\t<\/div>\n\t\t\t\t<\/div>\n\t\t\t\t\t<\/div>\n\t\t<\/div>\n\t\t\t\t\t<\/div>\n\t\t<\/section>\n\t\t\t\t<\/div>","protected":false},"excerpt":{"rendered":"<p>People who live in Phoenix, also lovingly known as the Valley of the Sun, are susceptible to the sun 296 [&hellip;]<\/p>\n","protected":false},"author":1,"featured_media":2832,"comment_status":"open","ping_status":"open","sticky":false,"template":"","format":"standard","meta":{"_acf_changed":false,"_jetpack_memberships_contains_paid_content":false,"footnotes":""},"categories":[1],"tags":[],"class_list":["post-2831","post","type-post","status-publish","format-standard","has-post-thumbnail","hentry","category-uncategorized"],"acf":[],"yoast_head":"<!-- This site is optimized with the Yoast SEO plugin v27.4 - https:\/\/yoast.com\/product\/yoast-seo-wordpress\/ -->\n<title>Why You Need to Wear Sunscreen 365 Days a Year - Affiliated Dermatology<\/title>\n<meta name=\"robots\" content=\"noindex, follow\" \/>\n<meta property=\"og:locale\" content=\"es_MX\" \/>\n<meta property=\"og:type\" content=\"article\" \/>\n<meta property=\"og:title\" content=\"Why You Need to Wear Sunscreen 365 Days a Year - Affiliated Dermatology\" \/>\n<meta property=\"og:description\" content=\"People who live in Phoenix, also lovingly known as the Valley of the Sun, are susceptible to the sun 296 [&hellip;]\" \/>\n<meta property=\"og:url\" content=\"https:\/\/affdermaz.com\/es\/why-you-need-to-wear-sunscreen-365-days-a-year\/\" \/>\n<meta property=\"og:site_name\" content=\"Affiliated Dermatology\" \/>\n<meta property=\"article:published_time\" content=\"2022-03-16T04:22:51+00:00\" \/>\n<meta property=\"article:modified_time\" content=\"2024-01-03T19:21:24+00:00\" \/>\n<meta property=\"og:image\" content=\"https:\/\/affdermaz.com\/wp-content\/uploads\/2022\/03\/affderm-101.png\" \/>\n\t<meta property=\"og:image:width\" content=\"1200\" \/>\n\t<meta property=\"og:image:height\" content=\"627\" \/>\n\t<meta property=\"og:image:type\" content=\"image\/png\" \/>\n<meta name=\"author\" content=\"adminaff\" \/>\n<meta name=\"twitter:card\" content=\"summary_large_image\" \/>\n<meta name=\"twitter:label1\" content=\"Escrito por\" \/>\n\t<meta name=\"twitter:data1\" content=\"adminaff\" \/>\n\t<meta name=\"twitter:label2\" content=\"Tiempo de lectura\" \/>\n\t<meta name=\"twitter:data2\" content=\"6 minutos\" \/>\n<script type=\"application\/ld+json\" class=\"yoast-schema-graph\">{\"@context\":\"https:\\\/\\\/schema.org\",\"@graph\":[{\"@type\":\"Article\",\"@id\":\"https:\\\/\\\/affdermaz.com\\\/why-you-need-to-wear-sunscreen-365-days-a-year\\\/#article\",\"isPartOf\":{\"@id\":\"https:\\\/\\\/affdermaz.com\\\/why-you-need-to-wear-sunscreen-365-days-a-year\\\/\"},\"author\":{\"name\":\"adminaff\",\"@id\":\"https:\\\/\\\/affdermaz.com\\\/#\\\/schema\\\/person\\\/f217bdc5ea5c6fb56cff9d087a9e007a\"},\"headline\":\"Why You Need to Wear Sunscreen 365 Days a Year\",\"datePublished\":\"2022-03-16T04:22:51+00:00\",\"dateModified\":\"2024-01-03T19:21:24+00:00\",\"mainEntityOfPage\":{\"@id\":\"https:\\\/\\\/affdermaz.com\\\/why-you-need-to-wear-sunscreen-365-days-a-year\\\/\"},\"wordCount\":1318,\"commentCount\":0,\"image\":{\"@id\":\"https:\\\/\\\/affdermaz.com\\\/why-you-need-to-wear-sunscreen-365-days-a-year\\\/#primaryimage\"},\"thumbnailUrl\":\"https:\\\/\\\/i0.wp.com\\\/affdermaz.com\\\/wp-content\\\/uploads\\\/2022\\\/03\\\/affderm-101.png?fit=1200%2C627&ssl=1\",\"articleSection\":[\"Uncategorized\"],\"inLanguage\":\"es\"},{\"@type\":\"WebPage\",\"@id\":\"https:\\\/\\\/affdermaz.com\\\/why-you-need-to-wear-sunscreen-365-days-a-year\\\/\",\"url\":\"https:\\\/\\\/affdermaz.com\\\/why-you-need-to-wear-sunscreen-365-days-a-year\\\/\",\"name\":\"Why You Need to Wear Sunscreen 365 Days a Year - Affiliated Dermatology\",\"isPartOf\":{\"@id\":\"https:\\\/\\\/affdermaz.com\\\/#website\"},\"primaryImageOfPage\":{\"@id\":\"https:\\\/\\\/affdermaz.com\\\/why-you-need-to-wear-sunscreen-365-days-a-year\\\/#primaryimage\"},\"image\":{\"@id\":\"https:\\\/\\\/affdermaz.com\\\/why-you-need-to-wear-sunscreen-365-days-a-year\\\/#primaryimage\"},\"thumbnailUrl\":\"https:\\\/\\\/i0.wp.com\\\/affdermaz.com\\\/wp-content\\\/uploads\\\/2022\\\/03\\\/affderm-101.png?fit=1200%2C627&ssl=1\",\"datePublished\":\"2022-03-16T04:22:51+00:00\",\"dateModified\":\"2024-01-03T19:21:24+00:00\",\"author\":{\"@id\":\"https:\\\/\\\/affdermaz.com\\\/#\\\/schema\\\/person\\\/f217bdc5ea5c6fb56cff9d087a9e007a\"},\"breadcrumb\":{\"@id\":\"https:\\\/\\\/affdermaz.com\\\/why-you-need-to-wear-sunscreen-365-days-a-year\\\/#breadcrumb\"},\"inLanguage\":\"es\",\"potentialAction\":[{\"@type\":\"ReadAction\",\"target\":[\"https:\\\/\\\/affdermaz.com\\\/why-you-need-to-wear-sunscreen-365-days-a-year\\\/\"]}]},{\"@type\":\"ImageObject\",\"inLanguage\":\"es\",\"@id\":\"https:\\\/\\\/affdermaz.com\\\/why-you-need-to-wear-sunscreen-365-days-a-year\\\/#primaryimage\",\"url\":\"https:\\\/\\\/i0.wp.com\\\/affdermaz.com\\\/wp-content\\\/uploads\\\/2022\\\/03\\\/affderm-101.png?fit=1200%2C627&ssl=1\",\"contentUrl\":\"https:\\\/\\\/i0.wp.com\\\/affdermaz.com\\\/wp-content\\\/uploads\\\/2022\\\/03\\\/affderm-101.png?fit=1200%2C627&ssl=1\",\"width\":1200,\"height\":627},{\"@type\":\"BreadcrumbList\",\"@id\":\"https:\\\/\\\/affdermaz.com\\\/why-you-need-to-wear-sunscreen-365-days-a-year\\\/#breadcrumb\",\"itemListElement\":[{\"@type\":\"ListItem\",\"position\":1,\"name\":\"Home\",\"item\":\"https:\\\/\\\/affdermaz.com\\\/\"},{\"@type\":\"ListItem\",\"position\":2,\"name\":\"Why You Need to Wear Sunscreen 365 Days a Year\"}]},{\"@type\":\"WebSite\",\"@id\":\"https:\\\/\\\/affdermaz.com\\\/#website\",\"url\":\"https:\\\/\\\/affdermaz.com\\\/\",\"name\":\"Affiliated Dermatology\",\"description\":\"Experts in Skin Disease Treatment &amp; Prevention\",\"potentialAction\":[{\"@type\":\"SearchAction\",\"target\":{\"@type\":\"EntryPoint\",\"urlTemplate\":\"https:\\\/\\\/affdermaz.com\\\/?s={search_term_string}\"},\"query-input\":{\"@type\":\"PropertyValueSpecification\",\"valueRequired\":true,\"valueName\":\"search_term_string\"}}],\"inLanguage\":\"es\"},{\"@type\":\"Person\",\"@id\":\"https:\\\/\\\/affdermaz.com\\\/#\\\/schema\\\/person\\\/f217bdc5ea5c6fb56cff9d087a9e007a\",\"name\":\"adminaff\",\"sameAs\":[\"https:\\\/\\\/affdermaz.com\\\/affderm.com\"]}]}<\/script>\n<!-- \/ Yoast SEO plugin. -->","yoast_head_json":{"title":"Por qu\u00e9 debes usar protector solar los 365 d\u00edas del a\u00f1o - Affiliated Dermatology","robots":{"index":"noindex","follow":"follow"},"og_locale":"es_MX","og_type":"article","og_title":"Why You Need to Wear Sunscreen 365 Days a Year - Affiliated Dermatology","og_description":"People who live in Phoenix, also lovingly known as the Valley of the Sun, are susceptible to the sun 296 [&hellip;]","og_url":"https:\/\/affdermaz.com\/es\/why-you-need-to-wear-sunscreen-365-days-a-year\/","og_site_name":"Affiliated Dermatology","article_published_time":"2022-03-16T04:22:51+00:00","article_modified_time":"2024-01-03T19:21:24+00:00","og_image":[{"width":1200,"height":627,"url":"https:\/\/affdermaz.com\/wp-content\/uploads\/2022\/03\/affderm-101.png","type":"image\/png"}],"author":"adminaff","twitter_card":"summary_large_image","twitter_misc":{"Escrito por":"adminaff","Tiempo de lectura":"6 minutos"},"schema":{"@context":"https:\/\/schema.org","@graph":[{"@type":"Article","@id":"https:\/\/affdermaz.com\/why-you-need-to-wear-sunscreen-365-days-a-year\/#article","isPartOf":{"@id":"https:\/\/affdermaz.com\/why-you-need-to-wear-sunscreen-365-days-a-year\/"},"author":{"name":"adminaff","@id":"https:\/\/affdermaz.com\/#\/schema\/person\/f217bdc5ea5c6fb56cff9d087a9e007a"},"headline":"Why You Need to Wear Sunscreen 365 Days a Year","datePublished":"2022-03-16T04:22:51+00:00","dateModified":"2024-01-03T19:21:24+00:00","mainEntityOfPage":{"@id":"https:\/\/affdermaz.com\/why-you-need-to-wear-sunscreen-365-days-a-year\/"},"wordCount":1318,"commentCount":0,"image":{"@id":"https:\/\/affdermaz.com\/why-you-need-to-wear-sunscreen-365-days-a-year\/#primaryimage"},"thumbnailUrl":"https:\/\/i0.wp.com\/affdermaz.com\/wp-content\/uploads\/2022\/03\/affderm-101.png?fit=1200%2C627&ssl=1","articleSection":["Uncategorized"],"inLanguage":"es"},{"@type":"WebPage","@id":"https:\/\/affdermaz.com\/why-you-need-to-wear-sunscreen-365-days-a-year\/","url":"https:\/\/affdermaz.com\/why-you-need-to-wear-sunscreen-365-days-a-year\/","name":"Por qu\u00e9 debes usar protector solar los 365 d\u00edas del a\u00f1o - Affiliated Dermatology","isPartOf":{"@id":"https:\/\/affdermaz.com\/#website"},"primaryImageOfPage":{"@id":"https:\/\/affdermaz.com\/why-you-need-to-wear-sunscreen-365-days-a-year\/#primaryimage"},"image":{"@id":"https:\/\/affdermaz.com\/why-you-need-to-wear-sunscreen-365-days-a-year\/#primaryimage"},"thumbnailUrl":"https:\/\/i0.wp.com\/affdermaz.com\/wp-content\/uploads\/2022\/03\/affderm-101.png?fit=1200%2C627&ssl=1","datePublished":"2022-03-16T04:22:51+00:00","dateModified":"2024-01-03T19:21:24+00:00","author":{"@id":"https:\/\/affdermaz.com\/#\/schema\/person\/f217bdc5ea5c6fb56cff9d087a9e007a"},"breadcrumb":{"@id":"https:\/\/affdermaz.com\/why-you-need-to-wear-sunscreen-365-days-a-year\/#breadcrumb"},"inLanguage":"es","potentialAction":[{"@type":"ReadAction","target":["https:\/\/affdermaz.com\/why-you-need-to-wear-sunscreen-365-days-a-year\/"]}]},{"@type":"ImageObject","inLanguage":"es","@id":"https:\/\/affdermaz.com\/why-you-need-to-wear-sunscreen-365-days-a-year\/#primaryimage","url":"https:\/\/i0.wp.com\/affdermaz.com\/wp-content\/uploads\/2022\/03\/affderm-101.png?fit=1200%2C627&ssl=1","contentUrl":"https:\/\/i0.wp.com\/affdermaz.com\/wp-content\/uploads\/2022\/03\/affderm-101.png?fit=1200%2C627&ssl=1","width":1200,"height":627},{"@type":"BreadcrumbList","@id":"https:\/\/affdermaz.com\/why-you-need-to-wear-sunscreen-365-days-a-year\/#breadcrumb","itemListElement":[{"@type":"ListItem","position":1,"name":"Home","item":"https:\/\/affdermaz.com\/"},{"@type":"ListItem","position":2,"name":"Why You Need to Wear Sunscreen 365 Days a Year"}]},{"@type":"WebSite","@id":"https:\/\/affdermaz.com\/#website","url":"https:\/\/affdermaz.com\/","name":"Dermatolog\u00eda afiliada","description":"Expertos en tratamiento y prevenci\u00f3n de enfermedades cut\u00e1neas","potentialAction":[{"@type":"SearchAction","target":{"@type":"EntryPoint","urlTemplate":"https:\/\/affdermaz.com\/?s={search_term_string}"},"query-input":{"@type":"PropertyValueSpecification","valueRequired":true,"valueName":"search_term_string"}}],"inLanguage":"es"},{"@type":"Person","@id":"https:\/\/affdermaz.com\/#\/schema\/person\/f217bdc5ea5c6fb56cff9d087a9e007a","name":"adminaff","sameAs":["https:\/\/affdermaz.com\/affderm.com"]}]}},"jetpack_featured_media_url":"https:\/\/i0.wp.com\/affdermaz.com\/wp-content\/uploads\/2022\/03\/affderm-101.png?fit=1200%2C627&ssl=1","jetpack_sharing_enabled":true,"jetpack_likes_enabled":true,"_links":{"self":[{"href":"https:\/\/affdermaz.com\/es\/wp-json\/wp\/v2\/posts\/2831","targetHints":{"allow":["GET"]}}],"collection":[{"href":"https:\/\/affdermaz.com\/es\/wp-json\/wp\/v2\/posts"}],"about":[{"href":"https:\/\/affdermaz.com\/es\/wp-json\/wp\/v2\/types\/post"}],"author":[{"embeddable":true,"href":"https:\/\/affdermaz.com\/es\/wp-json\/wp\/v2\/users\/1"}],"replies":[{"embeddable":true,"href":"https:\/\/affdermaz.com\/es\/wp-json\/wp\/v2\/comments?post=2831"}],"version-history":[{"count":0,"href":"https:\/\/affdermaz.com\/es\/wp-json\/wp\/v2\/posts\/2831\/revisions"}],"wp:featuredmedia":[{"embeddable":true,"href":"https:\/\/affdermaz.com\/es\/wp-json\/wp\/v2\/media\/2832"}],"wp:attachment":[{"href":"https:\/\/affdermaz.com\/es\/wp-json\/wp\/v2\/media?parent=2831"}],"wp:term":[{"taxonomy":"category","embeddable":true,"href":"https:\/\/affdermaz.com\/es\/wp-json\/wp\/v2\/categories?post=2831"},{"taxonomy":"post_tag","embeddable":true,"href":"https:\/\/affdermaz.com\/es\/wp-json\/wp\/v2\/tags?post=2831"}],"curies":[{"name":"wp","href":"https:\/\/api.w.org\/{rel}","templated":true}]}}